{"id":123223,"date":"2024-01-23T14:37:19","date_gmt":"2024-01-23T14:37:19","guid":{"rendered":"https:\/\/www.fecarotta.com\/?p=123223"},"modified":"2024-01-24T22:47:24","modified_gmt":"2024-01-24T22:47:24","slug":"evento-buccellati-a-villa-igiea","status":"publish","type":"post","link":"https:\/\/www.fecarotta.com\/it\/news\/evento-buccellati-a-villa-igiea\/","title":{"rendered":"EVENTO BUCCELLATI A VILLA IGIEA"},"content":{"rendered":"\n<p class=\"has-text-align-left\">Fecarotta Gioielli ospita all&#8217;interno della splendida Villa Igiea l&#8217;evento Buccellati. Organizzato per la prima volta dopo tanti anni dalla consolidata collaborazione con uno dei marchi di lusso pi\u00f9 desiderati e amati di sempre. Durante la serata, a presentare le collezioni e a firmare libri sulla sua storia, l&#8217;ospite d&#8217;eccezione: Luca Buccelati.<\/p>\n\n\n\n<figure class=\"wp-block-image size-large\"><img loading=\"lazy\" decoding=\"async\" width=\"1024\" height=\"683\" src=\"https:\/\/storage1208.cdn-immedia.net\/wp-content\/uploads\/2024\/01\/L2410720-4-1024x683.jpg\" alt=\"\" class=\"wp-image-123522\" srcset=\"https:\/\/storage1208.cdn-immedia.net\/wp-content\/uploads\/2024\/01\/L2410720-4-1024x683.jpg 1024w, https:\/\/storage1208.cdn-immedia.net\/wp-content\/uploads\/2024\/01\/L2410720-4-300x200.jpg 300w, https:\/\/storage1208.cdn-immedia.net\/wp-content\/uploads\/2024\/01\/L2410720-4-768x512.jpg 768w, https:\/\/storage1208.cdn-immedia.net\/wp-content\/uploads\/2024\/01\/L2410720-4-1536x1024.jpg 1536w, https:\/\/storage1208.cdn-immedia.net\/wp-content\/uploads\/2024\/01\/L2410720-4-2048x1365.jpg 2048w, https:\/\/storage1208.cdn-immedia.net\/wp-content\/uploads\/2024\/01\/L2410720-4-750x500.jpg 750w\" sizes=\"auto, (max-width: 1024px) 100vw, 1024px\" \/><\/figure>\n\n\n\n<figure class=\"wp-block-image size-large is-resized\"><img loading=\"lazy\" decoding=\"async\" width=\"1024\" height=\"684\" src=\"https:\/\/storage1208.cdn-immedia.net\/wp-content\/uploads\/2024\/01\/GDF_9539-4-1024x684.jpg\" alt=\"\" class=\"wp-image-123500\" style=\"width:495px;height:auto\" srcset=\"https:\/\/storage1208.cdn-immedia.net\/wp-content\/uploads\/2024\/01\/GDF_9539-4-1024x684.jpg 1024w, https:\/\/storage1208.cdn-immedia.net\/wp-content\/uploads\/2024\/01\/GDF_9539-4-300x200.jpg 300w, https:\/\/storage1208.cdn-immedia.net\/wp-content\/uploads\/2024\/01\/GDF_9539-4-768x513.jpg 768w, https:\/\/storage1208.cdn-immedia.net\/wp-content\/uploads\/2024\/01\/GDF_9539-4-1536x1025.jpg 1536w, https:\/\/storage1208.cdn-immedia.net\/wp-content\/uploads\/2024\/01\/GDF_9539-4-2048x1367.jpg 2048w, https:\/\/storage1208.cdn-immedia.net\/wp-content\/uploads\/2024\/01\/GDF_9539-4-750x501.jpg 750w\" sizes=\"auto, (max-width: 1024px) 100vw, 1024px\" \/><\/figure>\n\n\n\n<div class=\"wp-block-columns is-layout-flex wp-container-core-columns-is-layout-9d6595d7 wp-block-columns-is-layout-flex\">\n<div class=\"wp-block-column is-layout-flow wp-block-column-is-layout-flow\">\n<figure class=\"wp-block-image size-large is-resized\"><img loading=\"lazy\" decoding=\"async\" width=\"1024\" height=\"683\" src=\"https:\/\/storage1208.cdn-immedia.net\/wp-content\/uploads\/2024\/01\/L2420044-2-1024x683.jpg\" alt=\"\" class=\"wp-image-123518\" style=\"width:415px;height:auto\" srcset=\"https:\/\/storage1208.cdn-immedia.net\/wp-content\/uploads\/2024\/01\/L2420044-2-1024x683.jpg 1024w, https:\/\/storage1208.cdn-immedia.net\/wp-content\/uploads\/2024\/01\/L2420044-2-300x200.jpg 300w, https:\/\/storage1208.cdn-immedia.net\/wp-content\/uploads\/2024\/01\/L2420044-2-768x512.jpg 768w, https:\/\/storage1208.cdn-immedia.net\/wp-content\/uploads\/2024\/01\/L2420044-2-1536x1024.jpg 1536w, https:\/\/storage1208.cdn-immedia.net\/wp-content\/uploads\/2024\/01\/L2420044-2-2048x1365.jpg 2048w, https:\/\/storage1208.cdn-immedia.net\/wp-content\/uploads\/2024\/01\/L2420044-2-750x500.jpg 750w\" sizes=\"auto, (max-width: 1024px) 100vw, 1024px\" \/><figcaption class=\"wp-element-caption\"><em>Luca Buccellati firma copie del libro<\/em>.<\/figcaption><\/figure>\n<\/div>\n\n\n\n<div class=\"wp-block-column is-layout-flow wp-block-column-is-layout-flow\">\n<figure class=\"wp-block-image size-large is-resized\"><img loading=\"lazy\" decoding=\"async\" width=\"1024\" height=\"684\" src=\"https:\/\/storage1208.cdn-immedia.net\/wp-content\/uploads\/2024\/01\/GDF_9595-1-1024x684.jpg\" alt=\"\" class=\"wp-image-123520\" style=\"width:415px;height:auto\" srcset=\"https:\/\/storage1208.cdn-immedia.net\/wp-content\/uploads\/2024\/01\/GDF_9595-1-1024x684.jpg 1024w, https:\/\/storage1208.cdn-immedia.net\/wp-content\/uploads\/2024\/01\/GDF_9595-1-300x200.jpg 300w, https:\/\/storage1208.cdn-immedia.net\/wp-content\/uploads\/2024\/01\/GDF_9595-1-768x513.jpg 768w, https:\/\/storage1208.cdn-immedia.net\/wp-content\/uploads\/2024\/01\/GDF_9595-1-1536x1025.jpg 1536w, https:\/\/storage1208.cdn-immedia.net\/wp-content\/uploads\/2024\/01\/GDF_9595-1-2048x1367.jpg 2048w, https:\/\/storage1208.cdn-immedia.net\/wp-content\/uploads\/2024\/01\/GDF_9595-1-750x501.jpg 750w\" sizes=\"auto, (max-width: 1024px) 100vw, 1024px\" \/><\/figure>\n<\/div>\n<\/div>\n\n\n\n<p class=\"has-text-align-left\">L&#8217;artigianalit\u00e0 identifica da sempre lo stile Buccellati, che dietro ogni capolavoro di gioielleria nasconde tecniche orafe inimitabili. I punti di forza del marchio sono la qualit\u00e0, l&#8217;eleganza e la cura dei materiali. Durante la serata, i nostri ospiti hanno avuto l&#8217;opportunit\u00e0 di provare i gioielli pi\u00f9 venduti della collezione in oro e argento.<\/p>\n\n\n\n<div class=\"wp-block-columns is-layout-flex wp-container-core-columns-is-layout-9d6595d7 wp-block-columns-is-layout-flex\">\n<div class=\"wp-block-column is-layout-flow wp-block-column-is-layout-flow\">\n<figure class=\"wp-block-image size-large\"><img loading=\"lazy\" decoding=\"async\" width=\"1024\" height=\"683\" src=\"https:\/\/storage1208.cdn-immedia.net\/wp-content\/uploads\/2024\/01\/GDF_9554-1-1024x683.jpg\" alt=\"\" class=\"wp-image-123530\" srcset=\"https:\/\/storage1208.cdn-immedia.net\/wp-content\/uploads\/2024\/01\/GDF_9554-1-1024x683.jpg 1024w, https:\/\/storage1208.cdn-immedia.net\/wp-content\/uploads\/2024\/01\/GDF_9554-1-300x200.jpg 300w, https:\/\/storage1208.cdn-immedia.net\/wp-content\/uploads\/2024\/01\/GDF_9554-1-768x512.jpg 768w, https:\/\/storage1208.cdn-immedia.net\/wp-content\/uploads\/2024\/01\/GDF_9554-1-1536x1024.jpg 1536w, https:\/\/storage1208.cdn-immedia.net\/wp-content\/uploads\/2024\/01\/GDF_9554-1-2048x1365.jpg 2048w, https:\/\/storage1208.cdn-immedia.net\/wp-content\/uploads\/2024\/01\/GDF_9554-1-750x500.jpg 750w\" sizes=\"auto, (max-width: 1024px) 100vw, 1024px\" \/><\/figure>\n<\/div>\n\n\n\n<div class=\"wp-block-column is-layout-flow wp-block-column-is-layout-flow\">\n<figure class=\"wp-block-image size-large\"><img loading=\"lazy\" decoding=\"async\" width=\"1024\" height=\"683\" src=\"https:\/\/storage1208.cdn-immedia.net\/wp-content\/uploads\/2024\/01\/GDF_9552-2-1024x683.jpg\" alt=\"\" class=\"wp-image-123532\" srcset=\"https:\/\/storage1208.cdn-immedia.net\/wp-content\/uploads\/2024\/01\/GDF_9552-2-1024x683.jpg 1024w, https:\/\/storage1208.cdn-immedia.net\/wp-content\/uploads\/2024\/01\/GDF_9552-2-300x200.jpg 300w, https:\/\/storage1208.cdn-immedia.net\/wp-content\/uploads\/2024\/01\/GDF_9552-2-768x512.jpg 768w, https:\/\/storage1208.cdn-immedia.net\/wp-content\/uploads\/2024\/01\/GDF_9552-2-1536x1024.jpg 1536w, https:\/\/storage1208.cdn-immedia.net\/wp-content\/uploads\/2024\/01\/GDF_9552-2-2048x1365.jpg 2048w, https:\/\/storage1208.cdn-immedia.net\/wp-content\/uploads\/2024\/01\/GDF_9552-2-750x500.jpg 750w\" sizes=\"auto, (max-width: 1024px) 100vw, 1024px\" \/><\/figure>\n<\/div>\n<\/div>\n\n\n\n<div class=\"wp-block-columns is-layout-flex wp-container-core-columns-is-layout-9d6595d7 wp-block-columns-is-layout-flex\">\n<div class=\"wp-block-column is-layout-flow wp-block-column-is-layout-flow\">\n<figure class=\"wp-block-image size-large is-resized\"><img loading=\"lazy\" decoding=\"async\" width=\"683\" height=\"1024\" src=\"https:\/\/storage1208.cdn-immedia.net\/wp-content\/uploads\/2024\/01\/GDF_9557-2-683x1024.jpg\" alt=\"\" class=\"wp-image-123536\" style=\"width:393px;height:auto\" srcset=\"https:\/\/storage1208.cdn-immedia.net\/wp-content\/uploads\/2024\/01\/GDF_9557-2-683x1024.jpg 683w, https:\/\/storage1208.cdn-immedia.net\/wp-content\/uploads\/2024\/01\/GDF_9557-2-200x300.jpg 200w, https:\/\/storage1208.cdn-immedia.net\/wp-content\/uploads\/2024\/01\/GDF_9557-2-768x1152.jpg 768w, https:\/\/storage1208.cdn-immedia.net\/wp-content\/uploads\/2024\/01\/GDF_9557-2-1024x1536.jpg 1024w, https:\/\/storage1208.cdn-immedia.net\/wp-content\/uploads\/2024\/01\/GDF_9557-2-1365x2048.jpg 1365w, https:\/\/storage1208.cdn-immedia.net\/wp-content\/uploads\/2024\/01\/GDF_9557-2-750x1125.jpg 750w, https:\/\/storage1208.cdn-immedia.net\/wp-content\/uploads\/2024\/01\/GDF_9557-2-scaled.jpg 1706w\" sizes=\"auto, (max-width: 683px) 100vw, 683px\" \/><\/figure>\n<\/div>\n<\/div>\n\n\n\n<h2 class=\"wp-block-heading\">LE COLLEZIONI BUCCELLATI<\/h2>\n\n\n\n<h2 class=\"wp-block-heading\">Opera Tulle e Macri<\/h2>\n\n\n\n<p>Tra i protagonisti di questo evento ci sono le collezioni Opera Tulle e Macri, esposte per dare ai clienti la possibilit\u00e0 di provare pezzi unici di queste collezioni iconiche.<\/p>\n\n\n\n<p>L&#8217;elemento logo diventa il protagonista principale della linea Opera Tulle, centro di una creativit\u00e0 accattivante. L&#8217;inconfondibile motivo, caratteristico di molte creazioni Buccellati, d\u00e0 un tocco iconico alla collezione.<\/p>\n\n\n\n<p>L&#8217;effetto a righe, ottenuto attraverso l&#8217;incisione a mano, raggiunge il suo virtuosismo nella collezione Macri. La lamina d&#8217;oro \u00e8 mossa e impreziosita da brillanti incastonati in piccole rosette a forma di stella. Sfere luminose di oro lucido giocano con l&#8217;opacit\u00e0 della texture e le luci dei diamanti. Durante la serata, gli ospiti hanno avuto la possibilit\u00e0 di provare i top seller delle collezioni oro e argento.<\/p>\n\n\n\n<div class=\"wp-block-columns is-layout-flex wp-container-core-columns-is-layout-9d6595d7 wp-block-columns-is-layout-flex\">\n<div class=\"wp-block-column is-layout-flow wp-block-column-is-layout-flow\">\n<figure class=\"wp-block-image size-large is-resized\"><img loading=\"lazy\" decoding=\"async\" width=\"1024\" height=\"683\" src=\"https:\/\/storage1208.cdn-immedia.net\/wp-content\/uploads\/2024\/01\/GDF_9822-1-1024x683.jpg\" alt=\"\" class=\"wp-image-123539\" style=\"width:575px;height:auto\" srcset=\"https:\/\/storage1208.cdn-immedia.net\/wp-content\/uploads\/2024\/01\/GDF_9822-1-1024x683.jpg 1024w, https:\/\/storage1208.cdn-immedia.net\/wp-content\/uploads\/2024\/01\/GDF_9822-1-300x200.jpg 300w, https:\/\/storage1208.cdn-immedia.net\/wp-content\/uploads\/2024\/01\/GDF_9822-1-768x512.jpg 768w, https:\/\/storage1208.cdn-immedia.net\/wp-content\/uploads\/2024\/01\/GDF_9822-1-1536x1024.jpg 1536w, https:\/\/storage1208.cdn-immedia.net\/wp-content\/uploads\/2024\/01\/GDF_9822-1-2048x1365.jpg 2048w, https:\/\/storage1208.cdn-immedia.net\/wp-content\/uploads\/2024\/01\/GDF_9822-1-750x500.jpg 750w\" sizes=\"auto, (max-width: 1024px) 100vw, 1024px\" \/><\/figure>\n<\/div>\n<\/div>\n\n\n\n<p>DUE MODELLI ICONICI<\/p>\n\n\n\n<div class=\"wp-block-columns is-layout-flex wp-container-core-columns-is-layout-9d6595d7 wp-block-columns-is-layout-flex\">\n<div class=\"wp-block-column is-layout-flow wp-block-column-is-layout-flow\">\n<figure class=\"wp-block-image size-large is-resized\"><img loading=\"lazy\" decoding=\"async\" width=\"1024\" height=\"1024\" src=\"https:\/\/storage1208.cdn-immedia.net\/wp-content\/uploads\/2024\/01\/OPERA-CON-BRILLANTI--1024x1024.webp\" alt=\"\" class=\"wp-image-123574\" style=\"width:364px;height:auto\" srcset=\"https:\/\/storage1208.cdn-immedia.net\/wp-content\/uploads\/2024\/01\/OPERA-CON-BRILLANTI--1024x1024.webp 1024w, https:\/\/storage1208.cdn-immedia.net\/wp-content\/uploads\/2024\/01\/OPERA-CON-BRILLANTI--300x300.webp 300w, https:\/\/storage1208.cdn-immedia.net\/wp-content\/uploads\/2024\/01\/OPERA-CON-BRILLANTI--150x150.webp 150w, https:\/\/storage1208.cdn-immedia.net\/wp-content\/uploads\/2024\/01\/OPERA-CON-BRILLANTI--768x768.webp 768w, https:\/\/storage1208.cdn-immedia.net\/wp-content\/uploads\/2024\/01\/OPERA-CON-BRILLANTI--450x450.webp 450w, https:\/\/storage1208.cdn-immedia.net\/wp-content\/uploads\/2024\/01\/OPERA-CON-BRILLANTI--350x350.webp 350w, https:\/\/storage1208.cdn-immedia.net\/wp-content\/uploads\/2024\/01\/OPERA-CON-BRILLANTI--800x800.webp 800w, https:\/\/storage1208.cdn-immedia.net\/wp-content\/uploads\/2024\/01\/OPERA-CON-BRILLANTI--750x750.webp 750w, https:\/\/storage1208.cdn-immedia.net\/wp-content\/uploads\/2024\/01\/OPERA-CON-BRILLANTI--100x100.webp 100w, https:\/\/storage1208.cdn-immedia.net\/wp-content\/uploads\/2024\/01\/OPERA-CON-BRILLANTI-.webp 1080w\" sizes=\"auto, (max-width: 1024px) 100vw, 1024px\" \/><figcaption class=\"wp-element-caption\">Pendente Opera Tulle in oro giallo, sfondo in smalto rosso sormontato da tulle raggiato, rosetta in oro giallo con diamante.<\/figcaption><\/figure>\n<\/div>\n\n\n\n<div class=\"wp-block-column is-layout-flow wp-block-column-is-layout-flow\">\n<figure class=\"wp-block-image size-full is-resized\"><img loading=\"lazy\" decoding=\"async\" width=\"1000\" height=\"1000\" src=\"https:\/\/storage1208.cdn-immedia.net\/wp-content\/uploads\/2024\/01\/Macri.jpeg\" alt=\"\" class=\"wp-image-123570\" style=\"width:363px;height:auto\" srcset=\"https:\/\/storage1208.cdn-immedia.net\/wp-content\/uploads\/2024\/01\/Macri.jpeg 1000w, https:\/\/storage1208.cdn-immedia.net\/wp-content\/uploads\/2024\/01\/Macri-300x300.jpeg 300w, https:\/\/storage1208.cdn-immedia.net\/wp-content\/uploads\/2024\/01\/Macri-150x150.jpeg 150w, https:\/\/storage1208.cdn-immedia.net\/wp-content\/uploads\/2024\/01\/Macri-768x768.jpeg 768w, https:\/\/storage1208.cdn-immedia.net\/wp-content\/uploads\/2024\/01\/Macri-450x450.jpeg 450w, https:\/\/storage1208.cdn-immedia.net\/wp-content\/uploads\/2024\/01\/Macri-350x350.jpeg 350w, https:\/\/storage1208.cdn-immedia.net\/wp-content\/uploads\/2024\/01\/Macri-800x800.jpeg 800w, https:\/\/storage1208.cdn-immedia.net\/wp-content\/uploads\/2024\/01\/Macri-750x750.jpeg 750w, https:\/\/storage1208.cdn-immedia.net\/wp-content\/uploads\/2024\/01\/Macri-100x100.jpeg 100w\" sizes=\"auto, (max-width: 1000px) 100vw, 1000px\" \/><figcaption class=\"wp-element-caption\">Pendente Opera Tulle in oro giallo, sfondo in smalto rosso sormontato da tulle raggiato, rosetta in oro giallo con diamante.<\/figcaption><\/figure>\n<\/div>\n<\/div>\n\n\n\n<h2 class=\"wp-block-heading\">GLI OSPITI DELLA SERATA <\/h2>\n\n\n\n<p>I nostri clienti, attraverso la loro costante frequentazione e il loro profondo affetto, ci confermano ogni anno una grande passione per l&#8217;eleganza e l&#8217;eccellenza dei prodotti.<\/p>\n\n\n\n<figure class=\"wp-block-image size-large is-resized\"><img loading=\"lazy\" decoding=\"async\" width=\"1024\" height=\"684\" src=\"https:\/\/storage1208.cdn-immedia.net\/wp-content\/uploads\/2024\/01\/GDF_9573-1-1024x684.jpg\" alt=\"\" class=\"wp-image-123549\" style=\"width:467px;height:auto\" srcset=\"https:\/\/storage1208.cdn-immedia.net\/wp-content\/uploads\/2024\/01\/GDF_9573-1-1024x684.jpg 1024w, https:\/\/storage1208.cdn-immedia.net\/wp-content\/uploads\/2024\/01\/GDF_9573-1-300x200.jpg 300w, https:\/\/storage1208.cdn-immedia.net\/wp-content\/uploads\/2024\/01\/GDF_9573-1-768x513.jpg 768w, https:\/\/storage1208.cdn-immedia.net\/wp-content\/uploads\/2024\/01\/GDF_9573-1-1536x1025.jpg 1536w, https:\/\/storage1208.cdn-immedia.net\/wp-content\/uploads\/2024\/01\/GDF_9573-1-2048x1367.jpg 2048w, https:\/\/storage1208.cdn-immedia.net\/wp-content\/uploads\/2024\/01\/GDF_9573-1-750x501.jpg 750w\" sizes=\"auto, (max-width: 1024px) 100vw, 1024px\" \/><\/figure>\n\n\n\n<div class=\"wp-block-columns is-layout-flex wp-container-core-columns-is-layout-9d6595d7 wp-block-columns-is-layout-flex\">\n<div class=\"wp-block-column is-layout-flow wp-block-column-is-layout-flow\">\n<figure class=\"wp-block-image size-large\"><img loading=\"lazy\" decoding=\"async\" width=\"1024\" height=\"684\" src=\"https:\/\/storage1208.cdn-immedia.net\/wp-content\/uploads\/2024\/01\/GDF_9639-1-1024x684.jpg\" alt=\"\" class=\"wp-image-123614\" srcset=\"https:\/\/storage1208.cdn-immedia.net\/wp-content\/uploads\/2024\/01\/GDF_9639-1-1024x684.jpg 1024w, https:\/\/storage1208.cdn-immedia.net\/wp-content\/uploads\/2024\/01\/GDF_9639-1-300x200.jpg 300w, https:\/\/storage1208.cdn-immedia.net\/wp-content\/uploads\/2024\/01\/GDF_9639-1-768x513.jpg 768w, https:\/\/storage1208.cdn-immedia.net\/wp-content\/uploads\/2024\/01\/GDF_9639-1-1536x1025.jpg 1536w, https:\/\/storage1208.cdn-immedia.net\/wp-content\/uploads\/2024\/01\/GDF_9639-1-2048x1367.jpg 2048w, https:\/\/storage1208.cdn-immedia.net\/wp-content\/uploads\/2024\/01\/GDF_9639-1-750x501.jpg 750w\" sizes=\"auto, (max-width: 1024px) 100vw, 1024px\" \/><\/figure>\n<\/div>\n\n\n\n<div class=\"wp-block-column is-layout-flow wp-block-column-is-layout-flow\">\n<figure class=\"wp-block-image size-large\"><img loading=\"lazy\" decoding=\"async\" width=\"1024\" height=\"683\" src=\"https:\/\/storage1208.cdn-immedia.net\/wp-content\/uploads\/2024\/01\/GDF_9666-1-1024x683.jpg\" alt=\"\" class=\"wp-image-123618\" srcset=\"https:\/\/storage1208.cdn-immedia.net\/wp-content\/uploads\/2024\/01\/GDF_9666-1-1024x683.jpg 1024w, https:\/\/storage1208.cdn-immedia.net\/wp-content\/uploads\/2024\/01\/GDF_9666-1-300x200.jpg 300w, https:\/\/storage1208.cdn-immedia.net\/wp-content\/uploads\/2024\/01\/GDF_9666-1-768x512.jpg 768w, https:\/\/storage1208.cdn-immedia.net\/wp-content\/uploads\/2024\/01\/GDF_9666-1-1536x1024.jpg 1536w, https:\/\/storage1208.cdn-immedia.net\/wp-content\/uploads\/2024\/01\/GDF_9666-1-2048x1365.jpg 2048w, https:\/\/storage1208.cdn-immedia.net\/wp-content\/uploads\/2024\/01\/GDF_9666-1-750x500.jpg 750w\" sizes=\"auto, (max-width: 1024px) 100vw, 1024px\" \/><\/figure>\n<\/div>\n<\/div>\n\n\n\n<div class=\"wp-block-columns is-layout-flex wp-container-core-columns-is-layout-9d6595d7 wp-block-columns-is-layout-flex\">\n<div class=\"wp-block-column is-layout-flow wp-block-column-is-layout-flow\">\n<figure class=\"wp-block-image size-large is-resized\"><img loading=\"lazy\" decoding=\"async\" width=\"1024\" height=\"684\" src=\"https:\/\/storage1208.cdn-immedia.net\/wp-content\/uploads\/2024\/01\/GDF_9603-4-1024x684.jpg\" alt=\"\" class=\"wp-image-123582\" style=\"width:419px;height:auto\" srcset=\"https:\/\/storage1208.cdn-immedia.net\/wp-content\/uploads\/2024\/01\/GDF_9603-4-1024x684.jpg 1024w, https:\/\/storage1208.cdn-immedia.net\/wp-content\/uploads\/2024\/01\/GDF_9603-4-300x200.jpg 300w, https:\/\/storage1208.cdn-immedia.net\/wp-content\/uploads\/2024\/01\/GDF_9603-4-768x513.jpg 768w, https:\/\/storage1208.cdn-immedia.net\/wp-content\/uploads\/2024\/01\/GDF_9603-4-1536x1025.jpg 1536w, https:\/\/storage1208.cdn-immedia.net\/wp-content\/uploads\/2024\/01\/GDF_9603-4-2048x1367.jpg 2048w, https:\/\/storage1208.cdn-immedia.net\/wp-content\/uploads\/2024\/01\/GDF_9603-4-750x501.jpg 750w\" sizes=\"auto, (max-width: 1024px) 100vw, 1024px\" \/><\/figure>\n<\/div>\n\n\n\n<div class=\"wp-block-column is-layout-flow wp-block-column-is-layout-flow\">\n<figure class=\"wp-block-image size-large is-resized\"><img loading=\"lazy\" decoding=\"async\" width=\"1024\" height=\"684\" src=\"https:\/\/storage1208.cdn-immedia.net\/wp-content\/uploads\/2024\/01\/GDF_9617-3-1024x684.jpg\" alt=\"\" class=\"wp-image-123584\" style=\"width:421px;height:auto\" srcset=\"https:\/\/storage1208.cdn-immedia.net\/wp-content\/uploads\/2024\/01\/GDF_9617-3-1024x684.jpg 1024w, https:\/\/storage1208.cdn-immedia.net\/wp-content\/uploads\/2024\/01\/GDF_9617-3-300x200.jpg 300w, https:\/\/storage1208.cdn-immedia.net\/wp-content\/uploads\/2024\/01\/GDF_9617-3-768x513.jpg 768w, https:\/\/storage1208.cdn-immedia.net\/wp-content\/uploads\/2024\/01\/GDF_9617-3-1536x1025.jpg 1536w, https:\/\/storage1208.cdn-immedia.net\/wp-content\/uploads\/2024\/01\/GDF_9617-3-2048x1367.jpg 2048w, https:\/\/storage1208.cdn-immedia.net\/wp-content\/uploads\/2024\/01\/GDF_9617-3-750x501.jpg 750w\" sizes=\"auto, (max-width: 1024px) 100vw, 1024px\" \/><\/figure>\n<\/div>\n<\/div>\n\n\n\n<div class=\"wp-block-columns is-layout-flex wp-container-core-columns-is-layout-9d6595d7 wp-block-columns-is-layout-flex\">\n<div class=\"wp-block-column is-layout-flow wp-block-column-is-layout-flow\">\n<figure class=\"wp-block-image size-large\"><img loading=\"lazy\" decoding=\"async\" width=\"1024\" height=\"683\" src=\"https:\/\/storage1208.cdn-immedia.net\/wp-content\/uploads\/2024\/01\/GDF_9732-1024x683.jpg\" alt=\"\" class=\"wp-image-123620\" srcset=\"https:\/\/storage1208.cdn-immedia.net\/wp-content\/uploads\/2024\/01\/GDF_9732-1024x683.jpg 1024w, https:\/\/storage1208.cdn-immedia.net\/wp-content\/uploads\/2024\/01\/GDF_9732-300x200.jpg 300w, https:\/\/storage1208.cdn-immedia.net\/wp-content\/uploads\/2024\/01\/GDF_9732-768x512.jpg 768w, https:\/\/storage1208.cdn-immedia.net\/wp-content\/uploads\/2024\/01\/GDF_9732-1536x1024.jpg 1536w, https:\/\/storage1208.cdn-immedia.net\/wp-content\/uploads\/2024\/01\/GDF_9732-2048x1365.jpg 2048w, https:\/\/storage1208.cdn-immedia.net\/wp-content\/uploads\/2024\/01\/GDF_9732-750x500.jpg 750w\" sizes=\"auto, (max-width: 1024px) 100vw, 1024px\" \/><\/figure>\n<\/div>\n\n\n\n<div class=\"wp-block-column is-layout-flow wp-block-column-is-layout-flow\">\n<figure class=\"wp-block-image size-large\"><img loading=\"lazy\" decoding=\"async\" width=\"1024\" height=\"684\" src=\"https:\/\/storage1208.cdn-immedia.net\/wp-content\/uploads\/2024\/01\/GDF_9636-3-1024x684.jpg\" alt=\"\" class=\"wp-image-123616\" srcset=\"https:\/\/storage1208.cdn-immedia.net\/wp-content\/uploads\/2024\/01\/GDF_9636-3-1024x684.jpg 1024w, https:\/\/storage1208.cdn-immedia.net\/wp-content\/uploads\/2024\/01\/GDF_9636-3-300x200.jpg 300w, https:\/\/storage1208.cdn-immedia.net\/wp-content\/uploads\/2024\/01\/GDF_9636-3-768x513.jpg 768w, https:\/\/storage1208.cdn-immedia.net\/wp-content\/uploads\/2024\/01\/GDF_9636-3-1536x1025.jpg 1536w, https:\/\/storage1208.cdn-immedia.net\/wp-content\/uploads\/2024\/01\/GDF_9636-3-2048x1367.jpg 2048w, https:\/\/storage1208.cdn-immedia.net\/wp-content\/uploads\/2024\/01\/GDF_9636-3-750x501.jpg 750w\" sizes=\"auto, (max-width: 1024px) 100vw, 1024px\" \/><\/figure>\n<\/div>\n<\/div>\n\n\n\n<div class=\"wp-block-columns is-layout-flex wp-container-core-columns-is-layout-9d6595d7 wp-block-columns-is-layout-flex\">\n<div class=\"wp-block-column is-layout-flow wp-block-column-is-layout-flow\">\n<figure class=\"wp-block-image size-large is-resized\"><img loading=\"lazy\" decoding=\"async\" width=\"1024\" height=\"683\" src=\"https:\/\/storage1208.cdn-immedia.net\/wp-content\/uploads\/2024\/01\/GDF_9624-2-1024x683.jpg\" alt=\"\" class=\"wp-image-123586\" style=\"width:405px;height:auto\" srcset=\"https:\/\/storage1208.cdn-immedia.net\/wp-content\/uploads\/2024\/01\/GDF_9624-2-1024x683.jpg 1024w, https:\/\/storage1208.cdn-immedia.net\/wp-content\/uploads\/2024\/01\/GDF_9624-2-300x200.jpg 300w, https:\/\/storage1208.cdn-immedia.net\/wp-content\/uploads\/2024\/01\/GDF_9624-2-768x512.jpg 768w, https:\/\/storage1208.cdn-immedia.net\/wp-content\/uploads\/2024\/01\/GDF_9624-2-1536x1024.jpg 1536w, https:\/\/storage1208.cdn-immedia.net\/wp-content\/uploads\/2024\/01\/GDF_9624-2-2048x1365.jpg 2048w, https:\/\/storage1208.cdn-immedia.net\/wp-content\/uploads\/2024\/01\/GDF_9624-2-750x500.jpg 750w\" sizes=\"auto, (max-width: 1024px) 100vw, 1024px\" \/><\/figure>\n<\/div>\n\n\n\n<div class=\"wp-block-column is-layout-flow wp-block-column-is-layout-flow\">\n<figure class=\"wp-block-image size-large is-resized\"><img loading=\"lazy\" decoding=\"async\" width=\"1024\" height=\"683\" src=\"https:\/\/storage1208.cdn-immedia.net\/wp-content\/uploads\/2024\/01\/GDF_9631-1-1024x683.jpg\" alt=\"\" class=\"wp-image-123588\" style=\"width:409px;height:auto\" srcset=\"https:\/\/storage1208.cdn-immedia.net\/wp-content\/uploads\/2024\/01\/GDF_9631-1-1024x683.jpg 1024w, https:\/\/storage1208.cdn-immedia.net\/wp-content\/uploads\/2024\/01\/GDF_9631-1-300x200.jpg 300w, https:\/\/storage1208.cdn-immedia.net\/wp-content\/uploads\/2024\/01\/GDF_9631-1-768x512.jpg 768w, https:\/\/storage1208.cdn-immedia.net\/wp-content\/uploads\/2024\/01\/GDF_9631-1-1536x1024.jpg 1536w, https:\/\/storage1208.cdn-immedia.net\/wp-content\/uploads\/2024\/01\/GDF_9631-1-2048x1365.jpg 2048w, https:\/\/storage1208.cdn-immedia.net\/wp-content\/uploads\/2024\/01\/GDF_9631-1-750x500.jpg 750w\" sizes=\"auto, (max-width: 1024px) 100vw, 1024px\" \/><\/figure>\n<\/div>\n<\/div>\n\n\n\n<figure class=\"wp-block-image size-large is-resized\"><img loading=\"lazy\" decoding=\"async\" width=\"1024\" height=\"683\" src=\"https:\/\/storage1208.cdn-immedia.net\/wp-content\/uploads\/2024\/01\/L2420033-2-1024x683.jpg\" alt=\"\" class=\"wp-image-123599\" style=\"width:528px;height:auto\" srcset=\"https:\/\/storage1208.cdn-immedia.net\/wp-content\/uploads\/2024\/01\/L2420033-2-1024x683.jpg 1024w, https:\/\/storage1208.cdn-immedia.net\/wp-content\/uploads\/2024\/01\/L2420033-2-300x200.jpg 300w, https:\/\/storage1208.cdn-immedia.net\/wp-content\/uploads\/2024\/01\/L2420033-2-768x512.jpg 768w, https:\/\/storage1208.cdn-immedia.net\/wp-content\/uploads\/2024\/01\/L2420033-2-1536x1024.jpg 1536w, https:\/\/storage1208.cdn-immedia.net\/wp-content\/uploads\/2024\/01\/L2420033-2-2048x1365.jpg 2048w, https:\/\/storage1208.cdn-immedia.net\/wp-content\/uploads\/2024\/01\/L2420033-2-750x500.jpg 750w\" sizes=\"auto, (max-width: 1024px) 100vw, 1024px\" \/><\/figure>\n\n\n\n<figure class=\"wp-block-image size-large is-resized\"><img loading=\"lazy\" decoding=\"async\" width=\"1024\" height=\"683\" src=\"https:\/\/storage1208.cdn-immedia.net\/wp-content\/uploads\/2024\/01\/L2410950-2-1024x683.jpg\" alt=\"\" class=\"wp-image-123590\" style=\"width:532px;height:auto\" srcset=\"https:\/\/storage1208.cdn-immedia.net\/wp-content\/uploads\/2024\/01\/L2410950-2-1024x683.jpg 1024w, https:\/\/storage1208.cdn-immedia.net\/wp-content\/uploads\/2024\/01\/L2410950-2-300x200.jpg 300w, https:\/\/storage1208.cdn-immedia.net\/wp-content\/uploads\/2024\/01\/L2410950-2-768x512.jpg 768w, https:\/\/storage1208.cdn-immedia.net\/wp-content\/uploads\/2024\/01\/L2410950-2-1536x1024.jpg 1536w, https:\/\/storage1208.cdn-immedia.net\/wp-content\/uploads\/2024\/01\/L2410950-2-2048x1365.jpg 2048w, https:\/\/storage1208.cdn-immedia.net\/wp-content\/uploads\/2024\/01\/L2410950-2-750x500.jpg 750w\" sizes=\"auto, (max-width: 1024px) 100vw, 1024px\" \/><\/figure>\n\n\n\n<figure class=\"wp-block-image size-large is-resized\"><img loading=\"lazy\" decoding=\"async\" width=\"1024\" height=\"683\" src=\"https:\/\/storage1208.cdn-immedia.net\/wp-content\/uploads\/2024\/01\/L2410827-2-1024x683.jpg\" alt=\"\" class=\"wp-image-123592\" style=\"width:539px;height:auto\" srcset=\"https:\/\/storage1208.cdn-immedia.net\/wp-content\/uploads\/2024\/01\/L2410827-2-1024x683.jpg 1024w, https:\/\/storage1208.cdn-immedia.net\/wp-content\/uploads\/2024\/01\/L2410827-2-300x200.jpg 300w, https:\/\/storage1208.cdn-immedia.net\/wp-content\/uploads\/2024\/01\/L2410827-2-768x512.jpg 768w, https:\/\/storage1208.cdn-immedia.net\/wp-content\/uploads\/2024\/01\/L2410827-2-1536x1024.jpg 1536w, https:\/\/storage1208.cdn-immedia.net\/wp-content\/uploads\/2024\/01\/L2410827-2-2048x1365.jpg 2048w, https:\/\/storage1208.cdn-immedia.net\/wp-content\/uploads\/2024\/01\/L2410827-2-750x500.jpg 750w\" sizes=\"auto, (max-width: 1024px) 100vw, 1024px\" \/><\/figure>\n","protected":false},"excerpt":{"rendered":"<p>Fecarotta Gioielli ospita all&#8217;interno della splendida Villa Igiea l&#8217;evento Buccellati. Organizzato per la prima volta dopo tanti anni dalla consolidata [&hellip;]<\/p>\n","protected":false},"author":3,"featured_media":123227,"comment_status":"closed","ping_status":"closed","sticky":true,"template":"","format":"standard","meta":{"_acf_changed":false,"footnotes":""},"categories":[1],"tags":[],"class_list":["post-123223","post","type-post","status-publish","format-standard","has-post-thumbnail","hentry","category-archivio"],"acf":[],"yoast_head":"<!-- This site is optimized with the Yoast SEO plugin v27.5 - https:\/\/yoast.com\/product\/yoast-seo-wordpress\/ -->\n<title>EVENTO BUCCELLATI A VILLA IGIEA - Fecarotta Gioielli<\/title>\n<meta name=\"description\" content=\"Leggi &quot;EVENTO BUCCELLATI A VILLA IGIEA&quot; nella sezione News di Fecarotta Gioielli!\" \/>\n<meta name=\"robots\" content=\"index, follow, max-snippet:-1, max-image-preview:large, max-video-preview:-1\" \/>\n<link rel=\"canonical\" href=\"https:\/\/www.fecarotta.com\/it\/news\/evento-buccellati-a-villa-igiea\/\" \/>\n<meta property=\"og:locale\" content=\"it_IT\" \/>\n<meta property=\"og:type\" content=\"article\" \/>\n<meta property=\"og:title\" content=\"EVENTO BUCCELLATI A VILLA IGIEA - Fecarotta Gioielli\" \/>\n<meta property=\"og:description\" content=\"Leggi &quot;EVENTO BUCCELLATI A VILLA IGIEA&quot; nella sezione News di Fecarotta Gioielli!\" \/>\n<meta property=\"og:url\" content=\"https:\/\/www.fecarotta.com\/it\/news\/evento-buccellati-a-villa-igiea\/\" \/>\n<meta property=\"og:site_name\" content=\"Fecarotta Gioielli\" \/>\n<meta property=\"article:publisher\" content=\"https:\/\/www.facebook.com\/fecarottagioielli\" \/>\n<meta property=\"article:published_time\" content=\"2024-01-23T14:37:19+00:00\" \/>\n<meta property=\"article:modified_time\" content=\"2024-01-24T22:47:24+00:00\" \/>\n<meta property=\"og:image\" content=\"https:\/\/storage1208.cdn-immedia.net\/wp-content\/uploads\/2024\/01\/GDF_9539-scaled.jpg\" \/>\n\t<meta property=\"og:image:width\" content=\"2560\" \/>\n\t<meta property=\"og:image:height\" content=\"1709\" \/>\n\t<meta property=\"og:image:type\" content=\"image\/jpeg\" \/>\n<meta name=\"author\" content=\"Giuliano Fecarotta\" \/>\n<meta name=\"twitter:card\" content=\"summary_large_image\" \/>\n<meta name=\"twitter:label1\" content=\"Scritto da\" \/>\n\t<meta name=\"twitter:data1\" content=\"Giuliano Fecarotta\" \/>\n\t<meta name=\"twitter:label2\" content=\"Tempo di lettura stimato\" \/>\n\t<meta name=\"twitter:data2\" content=\"2 minuti\" \/>\n<script type=\"application\/ld+json\" class=\"yoast-schema-graph\">{\"@context\":\"https:\\\/\\\/schema.org\",\"@graph\":[{\"@type\":\"Article\",\"@id\":\"https:\\\/\\\/www.fecarotta.com\\\/it\\\/news\\\/evento-buccellati-a-villa-igiea\\\/#article\",\"isPartOf\":{\"@id\":\"https:\\\/\\\/www.fecarotta.com\\\/it\\\/news\\\/evento-buccellati-a-villa-igiea\\\/\"},\"author\":{\"name\":\"Giuliano Fecarotta\",\"@id\":\"https:\\\/\\\/www.fecarotta.com\\\/it\\\/#\\\/schema\\\/person\\\/52c04913fcff0ad96a52b5514fac8af7\"},\"headline\":\"EVENTO BUCCELLATI A VILLA IGIEA\",\"datePublished\":\"2024-01-23T14:37:19+00:00\",\"dateModified\":\"2024-01-24T22:47:24+00:00\",\"mainEntityOfPage\":{\"@id\":\"https:\\\/\\\/www.fecarotta.com\\\/it\\\/news\\\/evento-buccellati-a-villa-igiea\\\/\"},\"wordCount\":317,\"publisher\":{\"@id\":\"https:\\\/\\\/www.fecarotta.com\\\/it\\\/#organization\"},\"image\":{\"@id\":\"https:\\\/\\\/www.fecarotta.com\\\/it\\\/news\\\/evento-buccellati-a-villa-igiea\\\/#primaryimage\"},\"thumbnailUrl\":\"https:\\\/\\\/www.fecarotta.com\\\/wp-content\\\/uploads\\\/2024\\\/01\\\/GDF_9539-scaled.jpg\",\"articleSection\":[\"Archivio\"],\"inLanguage\":\"it-IT\"},{\"@type\":\"WebPage\",\"@id\":\"https:\\\/\\\/www.fecarotta.com\\\/it\\\/news\\\/evento-buccellati-a-villa-igiea\\\/\",\"url\":\"https:\\\/\\\/www.fecarotta.com\\\/it\\\/news\\\/evento-buccellati-a-villa-igiea\\\/\",\"name\":\"EVENTO BUCCELLATI A VILLA IGIEA - Fecarotta Gioielli\",\"isPartOf\":{\"@id\":\"https:\\\/\\\/www.fecarotta.com\\\/it\\\/#website\"},\"primaryImageOfPage\":{\"@id\":\"https:\\\/\\\/www.fecarotta.com\\\/it\\\/news\\\/evento-buccellati-a-villa-igiea\\\/#primaryimage\"},\"image\":{\"@id\":\"https:\\\/\\\/www.fecarotta.com\\\/it\\\/news\\\/evento-buccellati-a-villa-igiea\\\/#primaryimage\"},\"thumbnailUrl\":\"https:\\\/\\\/www.fecarotta.com\\\/wp-content\\\/uploads\\\/2024\\\/01\\\/GDF_9539-scaled.jpg\",\"datePublished\":\"2024-01-23T14:37:19+00:00\",\"dateModified\":\"2024-01-24T22:47:24+00:00\",\"description\":\"Leggi \\\"EVENTO BUCCELLATI A VILLA IGIEA\\\" nella sezione News di Fecarotta Gioielli!\",\"breadcrumb\":{\"@id\":\"https:\\\/\\\/www.fecarotta.com\\\/it\\\/news\\\/evento-buccellati-a-villa-igiea\\\/#breadcrumb\"},\"inLanguage\":\"it-IT\",\"potentialAction\":[{\"@type\":\"ReadAction\",\"target\":[\"https:\\\/\\\/www.fecarotta.com\\\/it\\\/news\\\/evento-buccellati-a-villa-igiea\\\/\"]}]},{\"@type\":\"ImageObject\",\"inLanguage\":\"it-IT\",\"@id\":\"https:\\\/\\\/www.fecarotta.com\\\/it\\\/news\\\/evento-buccellati-a-villa-igiea\\\/#primaryimage\",\"url\":\"https:\\\/\\\/www.fecarotta.com\\\/wp-content\\\/uploads\\\/2024\\\/01\\\/GDF_9539-scaled.jpg\",\"contentUrl\":\"https:\\\/\\\/www.fecarotta.com\\\/wp-content\\\/uploads\\\/2024\\\/01\\\/GDF_9539-scaled.jpg\",\"width\":2560,\"height\":1709},{\"@type\":\"BreadcrumbList\",\"@id\":\"https:\\\/\\\/www.fecarotta.com\\\/it\\\/news\\\/evento-buccellati-a-villa-igiea\\\/#breadcrumb\",\"itemListElement\":[{\"@type\":\"ListItem\",\"position\":1,\"name\":\"Home\",\"item\":\"https:\\\/\\\/www.fecarotta.com\\\/it\\\/\"},{\"@type\":\"ListItem\",\"position\":2,\"name\":\"EVENTO BUCCELLATI A VILLA IGIEA\"}]},{\"@type\":\"WebSite\",\"@id\":\"https:\\\/\\\/www.fecarotta.com\\\/it\\\/#website\",\"url\":\"https:\\\/\\\/www.fecarotta.com\\\/it\\\/\",\"name\":\"Fecarotta Gioielli\",\"description\":\"\",\"publisher\":{\"@id\":\"https:\\\/\\\/www.fecarotta.com\\\/it\\\/#organization\"},\"potentialAction\":[{\"@type\":\"SearchAction\",\"target\":{\"@type\":\"EntryPoint\",\"urlTemplate\":\"https:\\\/\\\/www.fecarotta.com\\\/it\\\/?s={search_term_string}\"},\"query-input\":{\"@type\":\"PropertyValueSpecification\",\"valueRequired\":true,\"valueName\":\"search_term_string\"}}],\"inLanguage\":\"it-IT\"},{\"@type\":\"Organization\",\"@id\":\"https:\\\/\\\/www.fecarotta.com\\\/it\\\/#organization\",\"name\":\"Fecarotta Gioielli\",\"url\":\"https:\\\/\\\/www.fecarotta.com\\\/it\\\/\",\"logo\":{\"@type\":\"ImageObject\",\"inLanguage\":\"it-IT\",\"@id\":\"https:\\\/\\\/www.fecarotta.com\\\/it\\\/#\\\/schema\\\/logo\\\/image\\\/\",\"url\":\"https:\\\/\\\/www.fecarotta.com\\\/wp-content\\\/uploads\\\/2025\\\/03\\\/logo-gmb-fecarotta.jpg\",\"contentUrl\":\"https:\\\/\\\/www.fecarotta.com\\\/wp-content\\\/uploads\\\/2025\\\/03\\\/logo-gmb-fecarotta.jpg\",\"width\":500,\"height\":500,\"caption\":\"Fecarotta Gioielli\"},\"image\":{\"@id\":\"https:\\\/\\\/www.fecarotta.com\\\/it\\\/#\\\/schema\\\/logo\\\/image\\\/\"},\"sameAs\":[\"https:\\\/\\\/www.facebook.com\\\/fecarottagioielli\",\"http:\\\/\\\/www.instagram.com\\\/fecarotta.it\",\"https:\\\/\\\/www.linkedin.com\\\/company\\\/fecarotta-it\\\/\",\"https:\\\/\\\/api.whatsapp.com\\\/send?phone=393913323691&text=Salve, vorrei qualche informazione in merito ai vostri prodotti.\"]},{\"@type\":\"Person\",\"@id\":\"https:\\\/\\\/www.fecarotta.com\\\/it\\\/#\\\/schema\\\/person\\\/52c04913fcff0ad96a52b5514fac8af7\",\"name\":\"Giuliano Fecarotta\",\"image\":{\"@type\":\"ImageObject\",\"inLanguage\":\"it-IT\",\"@id\":\"https:\\\/\\\/secure.gravatar.com\\\/avatar\\\/a1f6567260fc824a0954e75ce915be553ef77b1c6bd3e7ff588d0d984711007a?s=96&d=mm&r=g\",\"url\":\"https:\\\/\\\/secure.gravatar.com\\\/avatar\\\/a1f6567260fc824a0954e75ce915be553ef77b1c6bd3e7ff588d0d984711007a?s=96&d=mm&r=g\",\"contentUrl\":\"https:\\\/\\\/secure.gravatar.com\\\/avatar\\\/a1f6567260fc824a0954e75ce915be553ef77b1c6bd3e7ff588d0d984711007a?s=96&d=mm&r=g\",\"caption\":\"Giuliano Fecarotta\"}}]}<\/script>\n<!-- \/ Yoast SEO plugin. -->","yoast_head_json":{"title":"EVENTO BUCCELLATI A VILLA IGIEA - Fecarotta Gioielli","description":"Leggi \"EVENTO BUCCELLATI A VILLA IGIEA\" nella sezione News di Fecarotta Gioielli!","robots":{"index":"index","follow":"follow","max-snippet":"max-snippet:-1","max-image-preview":"max-image-preview:large","max-video-preview":"max-video-preview:-1"},"canonical":"https:\/\/www.fecarotta.com\/it\/news\/evento-buccellati-a-villa-igiea\/","og_locale":"it_IT","og_type":"article","og_title":"EVENTO BUCCELLATI A VILLA IGIEA - Fecarotta Gioielli","og_description":"Leggi \"EVENTO BUCCELLATI A VILLA IGIEA\" nella sezione News di Fecarotta Gioielli!","og_url":"https:\/\/www.fecarotta.com\/it\/news\/evento-buccellati-a-villa-igiea\/","og_site_name":"Fecarotta Gioielli","article_publisher":"https:\/\/www.facebook.com\/fecarottagioielli","article_published_time":"2024-01-23T14:37:19+00:00","article_modified_time":"2024-01-24T22:47:24+00:00","og_image":[{"width":2560,"height":1709,"url":"https:\/\/storage1208.cdn-immedia.net\/wp-content\/uploads\/2024\/01\/GDF_9539-scaled.jpg","type":"image\/jpeg"}],"author":"Giuliano Fecarotta","twitter_card":"summary_large_image","twitter_misc":{"Scritto da":"Giuliano Fecarotta","Tempo di lettura stimato":"2 minuti"},"schema":{"@context":"https:\/\/schema.org","@graph":[{"@type":"Article","@id":"https:\/\/www.fecarotta.com\/it\/news\/evento-buccellati-a-villa-igiea\/#article","isPartOf":{"@id":"https:\/\/www.fecarotta.com\/it\/news\/evento-buccellati-a-villa-igiea\/"},"author":{"name":"Giuliano Fecarotta","@id":"https:\/\/www.fecarotta.com\/it\/#\/schema\/person\/52c04913fcff0ad96a52b5514fac8af7"},"headline":"EVENTO BUCCELLATI A VILLA IGIEA","datePublished":"2024-01-23T14:37:19+00:00","dateModified":"2024-01-24T22:47:24+00:00","mainEntityOfPage":{"@id":"https:\/\/www.fecarotta.com\/it\/news\/evento-buccellati-a-villa-igiea\/"},"wordCount":317,"publisher":{"@id":"https:\/\/www.fecarotta.com\/it\/#organization"},"image":{"@id":"https:\/\/www.fecarotta.com\/it\/news\/evento-buccellati-a-villa-igiea\/#primaryimage"},"thumbnailUrl":"https:\/\/storage1208.cdn-immedia.net\/wp-content\/uploads\/2024\/01\/GDF_9539-scaled.jpg","articleSection":["Archivio"],"inLanguage":"it-IT"},{"@type":"WebPage","@id":"https:\/\/www.fecarotta.com\/it\/news\/evento-buccellati-a-villa-igiea\/","url":"https:\/\/www.fecarotta.com\/it\/news\/evento-buccellati-a-villa-igiea\/","name":"EVENTO BUCCELLATI A VILLA IGIEA - Fecarotta Gioielli","isPartOf":{"@id":"https:\/\/www.fecarotta.com\/it\/#website"},"primaryImageOfPage":{"@id":"https:\/\/www.fecarotta.com\/it\/news\/evento-buccellati-a-villa-igiea\/#primaryimage"},"image":{"@id":"https:\/\/www.fecarotta.com\/it\/news\/evento-buccellati-a-villa-igiea\/#primaryimage"},"thumbnailUrl":"https:\/\/storage1208.cdn-immedia.net\/wp-content\/uploads\/2024\/01\/GDF_9539-scaled.jpg","datePublished":"2024-01-23T14:37:19+00:00","dateModified":"2024-01-24T22:47:24+00:00","description":"Leggi \"EVENTO BUCCELLATI A VILLA IGIEA\" nella sezione News di Fecarotta Gioielli!","breadcrumb":{"@id":"https:\/\/www.fecarotta.com\/it\/news\/evento-buccellati-a-villa-igiea\/#breadcrumb"},"inLanguage":"it-IT","potentialAction":[{"@type":"ReadAction","target":["https:\/\/www.fecarotta.com\/it\/news\/evento-buccellati-a-villa-igiea\/"]}]},{"@type":"ImageObject","inLanguage":"it-IT","@id":"https:\/\/www.fecarotta.com\/it\/news\/evento-buccellati-a-villa-igiea\/#primaryimage","url":"https:\/\/storage1208.cdn-immedia.net\/wp-content\/uploads\/2024\/01\/GDF_9539-scaled.jpg","contentUrl":"https:\/\/storage1208.cdn-immedia.net\/wp-content\/uploads\/2024\/01\/GDF_9539-scaled.jpg","width":2560,"height":1709},{"@type":"BreadcrumbList","@id":"https:\/\/www.fecarotta.com\/it\/news\/evento-buccellati-a-villa-igiea\/#breadcrumb","itemListElement":[{"@type":"ListItem","position":1,"name":"Home","item":"https:\/\/www.fecarotta.com\/it\/"},{"@type":"ListItem","position":2,"name":"EVENTO BUCCELLATI A VILLA IGIEA"}]},{"@type":"WebSite","@id":"https:\/\/www.fecarotta.com\/it\/#website","url":"https:\/\/www.fecarotta.com\/it\/","name":"Fecarotta Gioielli","description":"","publisher":{"@id":"https:\/\/www.fecarotta.com\/it\/#organization"},"potentialAction":[{"@type":"SearchAction","target":{"@type":"EntryPoint","urlTemplate":"https:\/\/www.fecarotta.com\/it\/?s={search_term_string}"},"query-input":{"@type":"PropertyValueSpecification","valueRequired":true,"valueName":"search_term_string"}}],"inLanguage":"it-IT"},{"@type":"Organization","@id":"https:\/\/www.fecarotta.com\/it\/#organization","name":"Fecarotta Gioielli","url":"https:\/\/www.fecarotta.com\/it\/","logo":{"@type":"ImageObject","inLanguage":"it-IT","@id":"https:\/\/www.fecarotta.com\/it\/#\/schema\/logo\/image\/","url":"https:\/\/storage1208.cdn-immedia.net\/wp-content\/uploads\/2025\/03\/logo-gmb-fecarotta.jpg","contentUrl":"https:\/\/storage1208.cdn-immedia.net\/wp-content\/uploads\/2025\/03\/logo-gmb-fecarotta.jpg","width":500,"height":500,"caption":"Fecarotta Gioielli"},"image":{"@id":"https:\/\/www.fecarotta.com\/it\/#\/schema\/logo\/image\/"},"sameAs":["https:\/\/www.facebook.com\/fecarottagioielli","http:\/\/www.instagram.com\/fecarotta.it","https:\/\/www.linkedin.com\/company\/fecarotta-it\/","https:\/\/api.whatsapp.com\/send?phone=393913323691&text=Salve, vorrei qualche informazione in merito ai vostri prodotti."]},{"@type":"Person","@id":"https:\/\/www.fecarotta.com\/it\/#\/schema\/person\/52c04913fcff0ad96a52b5514fac8af7","name":"Giuliano Fecarotta","image":{"@type":"ImageObject","inLanguage":"it-IT","@id":"https:\/\/secure.gravatar.com\/avatar\/a1f6567260fc824a0954e75ce915be553ef77b1c6bd3e7ff588d0d984711007a?s=96&d=mm&r=g","url":"https:\/\/secure.gravatar.com\/avatar\/a1f6567260fc824a0954e75ce915be553ef77b1c6bd3e7ff588d0d984711007a?s=96&d=mm&r=g","contentUrl":"https:\/\/secure.gravatar.com\/avatar\/a1f6567260fc824a0954e75ce915be553ef77b1c6bd3e7ff588d0d984711007a?s=96&d=mm&r=g","caption":"Giuliano Fecarotta"}}]}},"authorName":"Giuliano Fecarotta","_links":{"self":[{"href":"https:\/\/www.fecarotta.com\/it\/wp-json\/wp\/v2\/posts\/123223","targetHints":{"allow":["GET"]}}],"collection":[{"href":"https:\/\/www.fecarotta.com\/it\/wp-json\/wp\/v2\/posts"}],"about":[{"href":"https:\/\/www.fecarotta.com\/it\/wp-json\/wp\/v2\/types\/post"}],"author":[{"embeddable":true,"href":"https:\/\/www.fecarotta.com\/it\/wp-json\/wp\/v2\/users\/3"}],"replies":[{"embeddable":true,"href":"https:\/\/www.fecarotta.com\/it\/wp-json\/wp\/v2\/comments?post=123223"}],"version-history":[{"count":64,"href":"https:\/\/www.fecarotta.com\/it\/wp-json\/wp\/v2\/posts\/123223\/revisions"}],"predecessor-version":[{"id":123676,"href":"https:\/\/www.fecarotta.com\/it\/wp-json\/wp\/v2\/posts\/123223\/revisions\/123676"}],"wp:featuredmedia":[{"embeddable":true,"href":"https:\/\/www.fecarotta.com\/it\/wp-json\/wp\/v2\/media\/123227"}],"wp:attachment":[{"href":"https:\/\/www.fecarotta.com\/it\/wp-json\/wp\/v2\/media?parent=123223"}],"wp:term":[{"taxonomy":"category","embeddable":true,"href":"https:\/\/www.fecarotta.com\/it\/wp-json\/wp\/v2\/categories?post=123223"},{"taxonomy":"post_tag","embeddable":true,"href":"https:\/\/www.fecarotta.com\/it\/wp-json\/wp\/v2\/tags?post=123223"}],"curies":[{"name":"wp","href":"https:\/\/api.w.org\/{rel}","templated":true}]}}